{"id":2543,"date":"2020-02-28T11:12:54","date_gmt":"2020-02-28T10:12:54","guid":{"rendered":"https:\/\/pubblicarrello.com\/blog\/?p=2543"},"modified":"2020-06-05T15:52:33","modified_gmt":"2020-06-05T13:52:33","slug":"fair-wear-garments-e-fairtrade-obiettivo-comune-e-strategie-diverse","status":"publish","type":"post","link":"https:\/\/blog.pubblicarrello.com\/blog\/progetti\/fair-wear-garments-e-fairtrade-obiettivo-comune-e-strategie-diverse.html","title":{"rendered":"Fair Wear Garments e  Fairtrade, obiettivo comune e strategie diverse"},"content":{"rendered":"<div id=\"dslc-theme-content\"><div id=\"dslc-theme-content-inner\">\n<p>Fair Wear Garments e Fairtrade: da dove vengono i vostri prodotti? Quale tipo di certificazione hanno ottenuto? E&#8217; vero, i consumatori chiedono sempre pi\u00f9 <strong>trasparenza<\/strong>&nbsp;ed&nbsp;<strong>equit\u00e0<\/strong> nelle filiere da cui provengono i prodotti che acquistano ogni giorno. Le persone si chiedono se le organizzazioni nate per monitorare le attivit\u00e0 di produzione, come la Fairtrade e Fair Wear Garments, siano essenzialmente le stessa cosa.<\/p>\n\n\n\n<p>\u00c8 certamente vero che queste due importanti associazioni internazionali mirano a raggiungere lo <strong>stesso obiettivo<\/strong>, ovvero garantire che le persone che producono i beni che usiamo ogni giorno siano soggette ad un trattamento di<strong> lavoro equo e garantito dalla legge<\/strong>. Vi sono, tuttavia, differenze negli approcci utilizzati e nelle diverse parti della catena di approvvigionamento che ne beneficiano.<\/p>\n\n\n\n<h2> <strong><a href=\"https:\/\/www.fairtrade.it\/\">Fairtrade Foundation<\/a><\/strong>  <\/h2>\n\n\n\n<figure class=\"wp-block-image\"><img loading=\"lazy\" width=\"700\" height=\"461\" src=\"https:\/\/pubblicarrello.com\/blog\/wp-content\/uploads\/2020\/02\/fairtrade.png\" alt=\"\" class=\"wp-image-2550\" srcset=\"https:\/\/blog.pubblicarrello.com\/blog\/wp-content\/uploads\/2020\/02\/fairtrade.png 700w, https:\/\/blog.pubblicarrello.com\/blog\/wp-content\/uploads\/2020\/02\/fairtrade-300x198.png 300w\" sizes=\"(max-width: 700px) 100vw, 700px\" \/><figcaption>Infografica da Fairtrade.it<\/figcaption><\/figure>\n\n\n\n<p>Per prima cosa: il  Fairtrade \u00e8 il marchio internazionale di&nbsp;<strong>certificazione del commercio equo e solidale<\/strong>. Lo avrete visto sugli scaffali del supermercato, al bar, nelle mense scolastiche, nei ristoranti.  I piccoli produttori infatti sono <strong>il cuore del sistema Fairtrade che ha l&#8217;obiettivo <\/strong> di garantire che i piccoli produttori nel campo dell&#8217;agricoltura o tutte quelle aziende a conduzione familiare che coltivano terreni intorno ai 2 ettari,  siano tutelati da un accordo accettabile per i loro prodotti quando vendono a grandi aziende.  Scegliere il marchio di certificazione etica FAIRTRADE per i  prodotti significa scegliere di avere un impatto positivo sulle vite di milioni di piccoli agricoltori e lavoratori nei Paesi in via di sviluppo, di approvvigionarti da filiere sostenibili e dimostrare ai tuoi clienti le tue scelte di responsabilit\u00e0. <\/p>\n\n\n\n<figure><iframe loading=\"lazy\" width=\"560\" height=\"315\" src=\"https:\/\/www.youtube.com\/embed\/m09Iw_MYgrw\" allowfullscreen=\"\"><\/iframe><\/figure>\n\n\n\n<h2> <br><a href=\"https:\/\/www.fairwear.org\/\"><strong>Fair Wear Foundation<\/strong><\/a>  <\/h2>\n\n\n\n<p>La Fair Wear Foundation invece opera cercando di creare condizioni di <strong>lavoro migliori <\/strong>e pi\u00f9 eque per i lavoratori manifatturieri nel settore <strong>dell&#8217;abbigliamento<\/strong>,  presta particolare attenzione alla responsabilit\u00e0 del marchio nella parte centrale e superiore della catena di fornitura, cercando di garantire che i marchi si assumano la responsabilit\u00e0 dell&#8217;ambiente in cui si trovano i loro prodotti.  Lavora con aziende tessili, marchi di moda, e grandi influencer per migliorare le condizioni di lavoro nei paesi meno sviluppati in cui vengono realizzati i nostri vestiti. <\/p>\n\n\n\n<figure class=\"wp-block-image\"><img loading=\"lazy\" width=\"1024\" height=\"682\" src=\"https:\/\/pubblicarrello.com\/blog\/wp-content\/uploads\/2020\/02\/Fair-Wear-Foundation-cosa-e-1024x682.jpg\" alt=\"\" class=\"wp-image-2554\" srcset=\"https:\/\/blog.pubblicarrello.com\/blog\/wp-content\/uploads\/2020\/02\/Fair-Wear-Foundation-cosa-e-1024x682.jpg 1024w, https:\/\/blog.pubblicarrello.com\/blog\/wp-content\/uploads\/2020\/02\/Fair-Wear-Foundation-cosa-e-300x200.jpg 300w\" sizes=\"(max-width: 1024px) 100vw, 1024px\" \/><figcaption>Foto da Fair Wear Foundation<\/figcaption><\/figure>\n\n\n\n<p> <br><\/p>\n\n\n\n<p>E&#8217; importante sottolineare che la <strong>Fondazione Fairtrade<\/strong> non monitora le modalit\u00e0 di gestione delle aziende agricole e il modo in cui il personale viene retribuito, ma semplicemente lavora per <strong>garantire un prezzo equo<\/strong> e dettato dal mercato di riferimento per la merce prodotta. Dal canto suo la <strong>Fair Wear Foundation <\/strong>si aspetta che i brand con cui collabora controllino regolarmente le fabbriche utilizzate per produrre capi e intraprendano azioni per correggere e risolvere eventuali problemi riscontrati nel luogo della produzione. Le cattive condizioni di lavoro nelle fabbriche di abbigliamento sono state una delle principali preoccupazioni per i consumatori negli ultimi anni, in particolare dal disastro di <a href=\"https:\/\/it.wikipedia.org\/wiki\/Crollo_del_Rana_Plaza_di_Savar\"><strong>Rana Plaza del 2013 in Bangladesh<\/strong><\/a>, che ha visto crollare un edificio di otto piani, causando la morte di 1129 lavoratori e lasciando moltissimi feriti.<\/p>\n\n\n\n<p>Dopo le dovute precisazioni  \u00e8 chiaro che garantire una catena di approvvigionamento completamente etica per qualsiasi capo d&#8217;abbigliamento \u00e8 estremamente difficile per entrambe le fondazioni. Alcuni dei brand nel mercato del tessile che sembrano lavorare pi\u00f9 duramente per garantire che i loro capi siano prodotti nel modo pi\u00f9 etico possibile sono: la Continental Clothing, <a href=\"https:\/\/pubblicarrello.com\/prodotti-stanley-e-stella\"><strong>Stanley \/ Stella<\/strong><\/a>, SOL&#8217;s e B&amp;C. Questi sono tutti disponibili sul nostro sito <a href=\"https:\/\/pubblicarrello.com\/\">Pubblicarrello.com.<\/a><\/p>\n<\/div><\/div>","protected":false},"excerpt":{"rendered":"<p>Fair Wear Garments e Fairtrade: da dove vengono i vostri prodotti? Quale tipo di certificazione hanno ottenuto? E&#8217; vero, i consumatori chiedono sempre pi\u00f9 trasparenza&nbsp;ed&nbsp;equit\u00e0 nelle filiere da cui provengono i prodotti che acquistano ogni giorno. Le persone si chiedono se le organizzazioni nate per monitorare&hellip;<\/p>\n","protected":false},"author":1,"featured_media":2567,"comment_status":"open","ping_status":"open","sticky":false,"template":"","format":"standard","meta":[],"categories":[1],"tags":[199,200],"_links":{"self":[{"href":"https:\/\/blog.pubblicarrello.com\/blog\/wp-json\/wp\/v2\/posts\/2543"}],"collection":[{"href":"https:\/\/blog.pubblicarrello.com\/blog\/wp-json\/wp\/v2\/posts"}],"about":[{"href":"https:\/\/blog.pubblicarrello.com\/blog\/wp-json\/wp\/v2\/types\/post"}],"author":[{"embeddable":true,"href":"https:\/\/blog.pubblicarrello.com\/blog\/wp-json\/wp\/v2\/users\/1"}],"replies":[{"embeddable":true,"href":"https:\/\/blog.pubblicarrello.com\/blog\/wp-json\/wp\/v2\/comments?post=2543"}],"version-history":[{"count":24,"href":"https:\/\/blog.pubblicarrello.com\/blog\/wp-json\/wp\/v2\/posts\/2543\/revisions"}],"predecessor-version":[{"id":2592,"href":"https:\/\/blog.pubblicarrello.com\/blog\/wp-json\/wp\/v2\/posts\/2543\/revisions\/2592"}],"wp:featuredmedia":[{"embeddable":true,"href":"https:\/\/blog.pubblicarrello.com\/blog\/wp-json\/wp\/v2\/media\/2567"}],"wp:attachment":[{"href":"https:\/\/blog.pubblicarrello.com\/blog\/wp-json\/wp\/v2\/media?parent=2543"}],"wp:term":[{"taxonomy":"category","embeddable":true,"href":"https:\/\/blog.pubblicarrello.com\/blog\/wp-json\/wp\/v2\/categories?post=2543"},{"taxonomy":"post_tag","embeddable":true,"href":"https:\/\/blog.pubblicarrello.com\/blog\/wp-json\/wp\/v2\/tags?post=2543"}],"curies":[{"name":"wp","href":"https:\/\/api.w.org\/{rel}","templated":true}]}}