{"id":2751,"date":"2020-09-09T11:18:24","date_gmt":"2020-09-09T09:18:24","guid":{"rendered":"https:\/\/blog.pubblicarrello.com\/blog\/?p=2751"},"modified":"2020-09-29T10:18:58","modified_gmt":"2020-09-29T08:18:58","slug":"salone-nautico-2020-gadget-personalizzati-per-la-promozione-del-cantiere","status":"publish","type":"post","link":"https:\/\/blog.pubblicarrello.com\/blog\/progetti\/salone-nautico-2020-gadget-personalizzati-per-la-promozione-del-cantiere.html","title":{"rendered":"Salone Nautico 2020, gadget personalizzati per la promozione del Cantiere"},"content":{"rendered":"<div id=\"dslc-theme-content\"><div id=\"dslc-theme-content-inner\">\n<p><strong>Salone Nautico 2020 gadget personalizzati. <\/strong>E&#8217; stato in <em>forse <\/em>fino all&#8217;ultimo ma la notizia \u00e8 appena arrivata ed \u00e8 confermata dallo stesso Presidente della Regione, Giovanni Toti, la 60a edizione del <strong><a rel=\"noreferrer noopener\" href=\"https:\/\/salonenautico.com\/\" target=\"_blank\">Salone Nautico Internazionale<\/a> <\/strong>si far\u00e0. Le date da segnare in calendario sono dal 1 al 6 ottobre 2020.<\/p>\n\n\n\n<p>Nell&#8217;incontro tra Confindustria Nautica e governo regionale si \u00e8 arrivati a stabilire che la&nbsp;situazione sanitaria a Genova e in Liguria consente di svolgere in sicurezza l\u2019iniziativa. Confindustria Nautica ha ribadito l\u2019importanza della manifestazione, indispensabile per il&nbsp;rilancio e la ripartenza di un settore&nbsp;come quello nautico che \u00e8 strategico per l\u2019economia nazionale e che fortunatamente non ha subito ingenti danni a causa del lockdown. <\/p>\n\n\n\n<p>Il settore della nautica italiana come ha recentemente dichiarato <strong>Fabio&nbsp;Planamente,<\/strong> presidente Vela di Confindustria Nautica e&nbsp;Ceo&nbsp;dei Cantieri del Pardo,  ha egregiamente superato la fase pi\u00f9 difficile dell\u2019emergenza sanitaria, anche grazie alle specificit\u00e0 del settore, legate al tipo di prodotto, ai tempi di progettazione, produzione e varo delle imbarcazioni.&nbsp;<\/p>\n\n\n\n<p>L&#8217;evento sar\u00e0 l&#8217;occasione per i team nautici di farsi conoscere con <strong><a href=\"https:\/\/pubblicarrello.com\/prodotti-gadget-personalizzati\">gadget personalizzati<\/a>\u00a0<\/strong>da regalare ai\u00a0visitatori del proprio stand. Il Salone Nautico 2020 \u00e8 anche opportunit\u00e0 per instaurare collaborazioni e partnership con fornitori ed eventuali collaboratori. Questo \u00e8 il momento adatto per pensare di partecipare e quindi anche acquistare degli articoli promozionali.<\/p>\n\n\n\n<figure class=\"wp-block-image size-large\"><img loading=\"lazy\" width=\"1024\" height=\"768\" src=\"https:\/\/blog.pubblicarrello.com\/blog\/wp-content\/uploads\/2020\/09\/portachiave.jpg\" alt=\"\" class=\"wp-image-2783\" srcset=\"https:\/\/blog.pubblicarrello.com\/blog\/wp-content\/uploads\/2020\/09\/portachiave.jpg 1024w, https:\/\/blog.pubblicarrello.com\/blog\/wp-content\/uploads\/2020\/09\/portachiave-300x225.jpg 300w\" sizes=\"(max-width: 1024px) 100vw, 1024px\" \/><figcaption>Portachiavi galleggiante personalizzato. <a href=\"https:\/\/pubblicarrello.com\/gadget-portachiavi-galleggiante-PE405\" target=\"_blank\" rel=\"noreferrer noopener\">Vai all&#8217;articolo<\/a><\/figcaption><\/figure>\n\n\n\n<p>Abbiamo quindi pensato di segnalarvi i migliori gadget &#8220;in tema&#8221; per la promozione del vostro cantiere nautico. Gadget originali da distribuire ai visitatori potrebbero&nbsp;<strong>&#8220;richiamare&#8221; il mare<\/strong>&nbsp;e in generale&nbsp;<strong>il tempo libero<\/strong>. Si pu\u00f2 optare anche per oggetti pi\u00f9 di lusso. <\/p>\n\n\n\n<figure class=\"wp-block-image size-large\"><img loading=\"lazy\" width=\"651\" height=\"434\" src=\"https:\/\/blog.pubblicarrello.com\/blog\/wp-content\/uploads\/2020\/09\/pallone-personalizzato.jpg\" alt=\"\" class=\"wp-image-2785\" srcset=\"https:\/\/blog.pubblicarrello.com\/blog\/wp-content\/uploads\/2020\/09\/pallone-personalizzato.jpg 651w, https:\/\/blog.pubblicarrello.com\/blog\/wp-content\/uploads\/2020\/09\/pallone-personalizzato-300x200.jpg 300w\" sizes=\"(max-width: 651px) 100vw, 651px\" \/><figcaption>Pallone gonfiabile personalizzato. Vai all&#8217;articolo. <\/figcaption><\/figure>\n\n\n\n<p>Nel nostro store online gli articoli mare da personalizzare sono tantissimi e di diverso tipo, dai un\u2019occhiata a: tutti i <strong><a href=\"https:\/\/pubblicarrello.com\/gadget-summer-borse-mare\" target=\"_blank\" rel=\"noreferrer noopener\">gadget mare,<\/a><\/strong>  <a href=\"https:\/\/pubblicarrello.com\/gadget-summer-teli-da-spiaggia\" target=\"_blank\" rel=\"noreferrer noopener\"><strong>teli mare<\/strong><\/a>, ma anche accessori per il vino, ed una vasta gamma di <strong><a rel=\"noreferrer noopener\" href=\"https:\/\/pubblicarrello.com\/blog\/hobby-e-tempo-libero\/gonfiabili-mare-personalizzati-dal-fenicottero-rosa-allunicorno-ecco-i-gadget-estate-2018.html\" target=\"_blank\">gonfiabili per il divertimento in barca!<\/a><\/strong><\/p>\n\n\n\n<p><\/p>\n<\/div><\/div>","protected":false},"excerpt":{"rendered":"<p>Salone Nautico 2020 gadget personalizzati. E&#8217; stato in forse fino all&#8217;ultimo ma la notizia \u00e8 appena arrivata ed \u00e8 confermata dallo stesso Presidente della Regione, Giovanni Toti, la 60a edizione del Salone Nautico Internazionale si far\u00e0. Le date da segnare in calendario sono dal 1 al&hellip;<\/p>\n","protected":false},"author":1,"featured_media":2786,"comment_status":"open","ping_status":"open","sticky":false,"template":"","format":"standard","meta":[],"categories":[1],"tags":[33,220,219],"_links":{"self":[{"href":"https:\/\/blog.pubblicarrello.com\/blog\/wp-json\/wp\/v2\/posts\/2751"}],"collection":[{"href":"https:\/\/blog.pubblicarrello.com\/blog\/wp-json\/wp\/v2\/posts"}],"about":[{"href":"https:\/\/blog.pubblicarrello.com\/blog\/wp-json\/wp\/v2\/types\/post"}],"author":[{"embeddable":true,"href":"https:\/\/blog.pubblicarrello.com\/blog\/wp-json\/wp\/v2\/users\/1"}],"replies":[{"embeddable":true,"href":"https:\/\/blog.pubblicarrello.com\/blog\/wp-json\/wp\/v2\/comments?post=2751"}],"version-history":[{"count":15,"href":"https:\/\/blog.pubblicarrello.com\/blog\/wp-json\/wp\/v2\/posts\/2751\/revisions"}],"predecessor-version":[{"id":2876,"href":"https:\/\/blog.pubblicarrello.com\/blog\/wp-json\/wp\/v2\/posts\/2751\/revisions\/2876"}],"wp:featuredmedia":[{"embeddable":true,"href":"https:\/\/blog.pubblicarrello.com\/blog\/wp-json\/wp\/v2\/media\/2786"}],"wp:attachment":[{"href":"https:\/\/blog.pubblicarrello.com\/blog\/wp-json\/wp\/v2\/media?parent=2751"}],"wp:term":[{"taxonomy":"category","embeddable":true,"href":"https:\/\/blog.pubblicarrello.com\/blog\/wp-json\/wp\/v2\/categories?post=2751"},{"taxonomy":"post_tag","embeddable":true,"href":"https:\/\/blog.pubblicarrello.com\/blog\/wp-json\/wp\/v2\/tags?post=2751"}],"curies":[{"name":"wp","href":"https:\/\/api.w.org\/{rel}","templated":true}]}}